{"id":34195,"date":"2018-08-14T18:09:03","date_gmt":"2018-08-14T16:09:03","guid":{"rendered":"https:\/\/capacitador.es\/que-es-la-pnl-remodelada\/"},"modified":"2019-08-13T17:42:48","modified_gmt":"2019-08-13T15:42:48","slug":"que-es-la-pnl-remodelada","status":"publish","type":"post","link":"https:\/\/capacitador.es\/ca\/que-es-la-pnl-remodelada\/","title":{"rendered":"Qu\u00e8 es la PNL remodelada?"},"content":{"rendered":"<p>John McWhirter, creador del DBM\u00ae, es va formar en PNL amb Richard Bandler, cocreador de la PNL. Aplicant el que aprenia, John es va adonar de la utilitat de la PNL, sobretot en desenvolupament d&#8217;habilitats (de percepci\u00f3 sensorial o de recollida d&#8217;informaci\u00f3) i tamb\u00e9 es va adonar dels seus l\u00edmits d&#8217;aplicaci\u00f3 i d&#8217;algunes idees destarotades. Com ell ja t\u00e8nia la idea de desenvolupar una metodologia de modelatge de la conducta humana, va comen\u00e7ar pel que coneixia i usava: la PNL. John, en el seu proc\u00e9s de millorar-la es va proposar \u201cAplicar la PNL a la PNL\u201d.<br \/>\nEntre altres, es va plantejar dos prop\u00f2sits: En les t\u00e8cniques que usava es va preguntar qu\u00e8, com i perqu\u00e8 funcionen (o no), per a poder comprendre el seu funcionament i poder-les millorar i que foren m\u00e9s efectives.<br \/>\nI d&#8217;altra banda es va dedicar a identificar idees destarotades que es repetien una vegada i una altra. Et convide al fet que lliges els dos primers articles que va publicar sobre el modelatge de la PNL perqu\u00e8 tingues una idea precisa de com va ser el proc\u00e9s.<\/p>\n<ol>\n<li><a href=\"https:\/\/capacitador.es\/remodelar-la-pnl-modelos-y-modelado\/\" target=\"_blank\" rel=\"noopener noreferrer\">https:\/\/capacitador.es\/remodelar-la-pnl-modelos-y-modelado\/<\/a><\/li>\n<li><a href=\"https:\/\/capacitador.es\/remodelar-la-pnl-remodelar-el-lenguaje\/\" target=\"_blank\" rel=\"noopener noreferrer\">https:\/\/capacitador.es\/remodelar-la-pnl-remodelar-el-lenguaje\/<\/a><\/li>\n<\/ol>\n","protected":false},"excerpt":{"rendered":"<p>John McWhirter, creador del DBM\u00ae, es va formar en PNL amb Richard Bandler, cocreador de la PNL. Aplicant el que aprenia, John es va adonar de la utilitat de la PNL, sobretot en desenvolupament d&#8217;habilitats (de percepci\u00f3 sensorial o de recollida d&#8217;informaci\u00f3) i tamb\u00e9 es va adonar dels seus l\u00edmits d&#8217;aplicaci\u00f3 i d&#8217;algunes idees destarotades. [&hellip;]<\/p>\n","protected":false},"author":1,"featured_media":0,"comment_status":"open","ping_status":"closed","sticky":false,"template":"","format":"standard","meta":{"_et_pb_use_builder":"","_et_pb_old_content":"","_et_gb_content_width":"","footnotes":""},"categories":[57],"tags":[],"class_list":["post-34195","post","type-post","status-publish","format-standard","hentry","category-articles"],"aioseo_notices":[],"_links":{"self":[{"href":"https:\/\/capacitador.es\/ca\/wp-json\/wp\/v2\/posts\/34195","targetHints":{"allow":["GET"]}}],"collection":[{"href":"https:\/\/capacitador.es\/ca\/wp-json\/wp\/v2\/posts"}],"about":[{"href":"https:\/\/capacitador.es\/ca\/wp-json\/wp\/v2\/types\/post"}],"author":[{"embeddable":true,"href":"https:\/\/capacitador.es\/ca\/wp-json\/wp\/v2\/users\/1"}],"replies":[{"embeddable":true,"href":"https:\/\/capacitador.es\/ca\/wp-json\/wp\/v2\/comments?post=34195"}],"version-history":[{"count":5,"href":"https:\/\/capacitador.es\/ca\/wp-json\/wp\/v2\/posts\/34195\/revisions"}],"predecessor-version":[{"id":34199,"href":"https:\/\/capacitador.es\/ca\/wp-json\/wp\/v2\/posts\/34195\/revisions\/34199"}],"wp:attachment":[{"href":"https:\/\/capacitador.es\/ca\/wp-json\/wp\/v2\/media?parent=34195"}],"wp:term":[{"taxonomy":"category","embeddable":true,"href":"https:\/\/capacitador.es\/ca\/wp-json\/wp\/v2\/categories?post=34195"},{"taxonomy":"post_tag","embeddable":true,"href":"https:\/\/capacitador.es\/ca\/wp-json\/wp\/v2\/tags?post=34195"}],"curies":[{"name":"wp","href":"https:\/\/api.w.org\/{rel}","templated":true}]}}